{"id":298,"date":"2021-03-14T15:21:13","date_gmt":"2021-03-14T14:21:13","guid":{"rendered":"https:\/\/auvigue.agencealbum.com\/?p=298"},"modified":"2021-11-05T17:24:58","modified_gmt":"2021-11-05T16:24:58","slug":"ancre-dans-le-maconnais","status":"publish","type":"post","link":"https:\/\/auvigue.fr\/en\/ancre-dans-le-maconnais\/","title":{"rendered":"Rooted in <br \/>The M\u00e2connais"},"content":{"rendered":"<div class=\"row\">\n<div class=\"col-md-5 offset-md-1 pl-0 pr-4\">\n<h2 class=\"article-title\">Rooted in <br \/>The M\u00e2connais<\/h2>\n<p>In 1946, the Maison is at a real turning point. Francis Auvigue, called\u00a0<em>The Grandfather<\/em> hands over the family estate to his son Andr\u00e9 and his spouse Simone. He settles in Charnay-les-M\u00e2con, near Solutr\u00e9-Pouilly, to open a small wine \u2013 trading business with vine-owning friends. Francis wants to promote and give the momentum Pouilly-Fuiss\u00e9 wines deserve. He has no doubt that the future of these wines will evolve through plots. And he is right! The reputation of Maison Auvigue wines quickly spreads among the greatest establisments\u2026and the world : from New York to Paris, from Georges Blanc to the Meurice, Auvigue is on everyone\u2019s lips and its wines are in every glass.<\/p>\n<\/div>\n<div class=\"col-md-6 pt-md-5\"><img class=\"alignnone size-full wp-image-824\" src=\"https:\/\/auvigue.fr\/wp-content\/uploads\/2021\/03\/IMG_0111.heic\" alt=\"\" \/><img loading=\"lazy\" class=\"img-shadow-right alignnone wp-image-837\" src=\"https:\/\/auvigue.fr\/wp-content\/uploads\/2021\/06\/93I1294.jpg\" alt=\"\" width=\"549\" height=\"824\" srcset=\"https:\/\/auvigue.fr\/wp-content\/uploads\/2021\/06\/93I1294.jpg 787w, https:\/\/auvigue.fr\/wp-content\/uploads\/2021\/06\/93I1294-200x300.jpg 200w, https:\/\/auvigue.fr\/wp-content\/uploads\/2021\/06\/93I1294-682x1024.jpg 682w, https:\/\/auvigue.fr\/wp-content\/uploads\/2021\/06\/93I1294-768x1152.jpg 768w, https:\/\/auvigue.fr\/wp-content\/uploads\/2021\/06\/93I1294-600x900.jpg 600w\" sizes=\"(max-width: 549px) 100vw, 549px\" \/><\/div>\n<\/div>\n<div>\u00a0<\/div>\n<div class=\"col-md-10 offset-md-1\">\u00a0<\/div>\n<div><img loading=\"lazy\" class=\"wp-image-1162 alignleft\" src=\"https:\/\/auvigue.fr\/wp-content\/uploads\/2021\/03\/Cre\u0301dit-Ste\u0301phane-Rambaud.jpg\" alt=\"\" width=\"414\" height=\"621\" srcset=\"https:\/\/auvigue.fr\/wp-content\/uploads\/2021\/03\/Cre\u0301dit-Ste\u0301phane-Rambaud.jpg 787w, https:\/\/auvigue.fr\/wp-content\/uploads\/2021\/03\/Cre\u0301dit-Ste\u0301phane-Rambaud-200x300.jpg 200w, https:\/\/auvigue.fr\/wp-content\/uploads\/2021\/03\/Cre\u0301dit-Ste\u0301phane-Rambaud-682x1024.jpg 682w, https:\/\/auvigue.fr\/wp-content\/uploads\/2021\/03\/Cre\u0301dit-Ste\u0301phane-Rambaud-768x1152.jpg 768w, https:\/\/auvigue.fr\/wp-content\/uploads\/2021\/03\/Cre\u0301dit-Ste\u0301phane-Rambaud-600x900.jpg 600w\" sizes=\"(max-width: 414px) 100vw, 414px\" \/><\/div>\n<div class=\"row pt-3\">\n<div class=\"col-md-8 offset-md-1\">\n<p>In the 70\u2019s , Jean-Pierre and Michel Auvigue, Francis\u2019 grandsons, take over. Inspired by the outpour of terroirs surrounding them, they continue to refine the style of the Maison with 100% south M\u00e2connais appellations. Together, they draw a palette of wines made of Pouilly-Fuiss\u00e9, Saint-V\u00e9ran et other M\u00e2con. Using a very specific approach, various Climats arise: \u00ab La Fr\u00e9rie \u00bb, \u00ab Les Chailloux \u00bb or \u00ab Les Crays \u00bb (becoming 1ers Crus in 2020) reveal and express themselves with confidence.<\/p>\n<p>In the early 90\u2019s, the Auvigue brothers choose to vinify their own cuv\u00e9es with grapes bought from their long-time producing friends. Maison Auvigue is now not only a wine merchant but also a winemaker. They also decide to buy 8 hectares of vines in the heart of the Pouilly-Fuiss\u00e9 appellation and take the organic path.<\/p>\n<p>In 2016, Sylvain Brenas-Auvigue, Jean-Pierre and Michel\u2019s nephew, takes over the Maison with the firm intention of pursuing the family history : an unconditional love for the M\u00e2connais terroirs and a strong determination to preserve the environment.<\/p>\n<\/div>\n<\/div>\n<p>\u00a0<\/p>\n<p>\u00a0<\/p>\n<div class=\"row pt-3\">\n<div class=\"col-md-8 offset-md-1\">\n<p><img loading=\"lazy\" class=\"img-shadow-left wp-image-830  alignright\" src=\"https:\/\/auvigue.fr\/wp-content\/uploads\/2021\/03\/Ancre\u0301-dans-le-Ma\u0302connais.png\" alt=\"\" width=\"733\" height=\"779\" srcset=\"https:\/\/auvigue.fr\/wp-content\/uploads\/2021\/03\/Ancre\u0301-dans-le-Ma\u0302connais.png 797w, https:\/\/auvigue.fr\/wp-content\/uploads\/2021\/03\/Ancre\u0301-dans-le-Ma\u0302connais-282x300.png 282w, https:\/\/auvigue.fr\/wp-content\/uploads\/2021\/03\/Ancre\u0301-dans-le-Ma\u0302connais-768x816.png 768w, https:\/\/auvigue.fr\/wp-content\/uploads\/2021\/03\/Ancre\u0301-dans-le-Ma\u0302connais-600x638.png 600w\" sizes=\"(max-width: 733px) 100vw, 733px\" \/><\/p>\n<\/div>\n<\/div>\n\n\n<div style=\"height:75px\" aria-hidden=\"true\" class=\"wp-block-spacer\"><\/div>\n\n\n\n<p><\/p>","protected":false},"excerpt":{"rendered":"<p>To discover Maison Auvigue, go back in time and read between the vines : traces of the Auvigue family in the Beaujolais-M\u00e2connais date back to 1629. Four centuries later, the family is still grounded in the terroir and gazing at the Roche de Solutr\u00e9\u2026 <\/p>\n<p><a class=\"excerpt-more\" href=\"https:\/\/auvigue.fr\/en\/ancre-dans-le-maconnais\/\"><i class=\"bi bi-arrow-right\"><\/i><\/a><\/p>","protected":false},"author":1,"featured_media":842,"comment_status":"open","ping_status":"open","sticky":false,"template":"","format":"standard","meta":[],"categories":[2],"tags":[],"yoast_head":"<!-- This site is optimized with the Yoast SEO plugin v16.6 - https:\/\/yoast.com\/wordpress\/plugins\/seo\/ -->\n<title>Ancr\u00e9 dans le M\u00e2connais - Auvigue<\/title>\n<meta name=\"description\" content=\"Maison Auvigue \u00e0 Fuiss\u00e9 : vins blancs de Bourgogne du Sud. Pouilly-Fuiss\u00e9 Saint-V\u00e9ran M\u00e2con-Solutr\u00e9. Caves, caveau d\u00e9gustation, boutique.\" \/>\n<meta name=\"robots\" content=\"index, follow, max-snippet:-1, max-image-preview:large, max-video-preview:-1\" \/>\n<link rel=\"canonical\" href=\"https:\/\/auvigue.fr\/en\/ancre-dans-le-maconnais\/\" \/>\n<meta property=\"og:locale\" content=\"en_GB\" \/>\n<meta property=\"og:type\" content=\"article\" \/>\n<meta property=\"og:title\" content=\"Ancr\u00e9 dans le M\u00e2connais - Auvigue\" \/>\n<meta property=\"og:description\" content=\"Maison Auvigue \u00e0 Fuiss\u00e9 : vins blancs de Bourgogne du Sud. Pouilly-Fuiss\u00e9 Saint-V\u00e9ran M\u00e2con-Solutr\u00e9. Caves, caveau d\u00e9gustation, boutique.\" \/>\n<meta property=\"og:url\" content=\"https:\/\/auvigue.fr\/en\/ancre-dans-le-maconnais\/\" \/>\n<meta property=\"og:site_name\" content=\"Auvigue\" \/>\n<meta property=\"article:publisher\" content=\"https:\/\/www.facebook.com\/maisonauvigue\" \/>\n<meta property=\"article:published_time\" content=\"2021-03-14T14:21:13+00:00\" \/>\n<meta property=\"article:modified_time\" content=\"2021-11-05T16:24:58+00:00\" \/>\n<meta property=\"og:image\" content=\"https:\/\/auvigue.fr\/wp-content\/uploads\/2021\/03\/93I3330.jpg\" \/>\n\t<meta property=\"og:image:width\" content=\"1181\" \/>\n\t<meta property=\"og:image:height\" content=\"787\" \/>\n<meta name=\"twitter:card\" content=\"summary_large_image\" \/>\n<meta name=\"twitter:label1\" content=\"Estimated reading time\" \/>\n\t<meta name=\"twitter:data1\" content=\"3 minutes\" \/>\n<script type=\"application\/ld+json\" class=\"yoast-schema-graph\">{\"@context\":\"https:\/\/schema.org\",\"@graph\":[{\"@type\":\"WebSite\",\"@id\":\"https:\/\/auvigue.fr\/#website\",\"url\":\"https:\/\/auvigue.fr\/\",\"name\":\"Auvigue\",\"description\":\"\",\"potentialAction\":[{\"@type\":\"SearchAction\",\"target\":{\"@type\":\"EntryPoint\",\"urlTemplate\":\"https:\/\/auvigue.fr\/?s={search_term_string}\"},\"query-input\":\"required name=search_term_string\"}],\"inLanguage\":\"en-GB\"},{\"@type\":\"ImageObject\",\"@id\":\"https:\/\/auvigue.fr\/ancre-dans-le-maconnais\/#primaryimage\",\"inLanguage\":\"en-GB\",\"url\":\"https:\/\/auvigue.fr\/wp-content\/uploads\/2021\/03\/93I3330.jpg\",\"contentUrl\":\"https:\/\/auvigue.fr\/wp-content\/uploads\/2021\/03\/93I3330.jpg\",\"width\":1181,\"height\":787},{\"@type\":\"WebPage\",\"@id\":\"https:\/\/auvigue.fr\/ancre-dans-le-maconnais\/#webpage\",\"url\":\"https:\/\/auvigue.fr\/ancre-dans-le-maconnais\/\",\"name\":\"Ancr\\u00e9 dans le M\\u00e2connais - Auvigue\",\"isPartOf\":{\"@id\":\"https:\/\/auvigue.fr\/#website\"},\"primaryImageOfPage\":{\"@id\":\"https:\/\/auvigue.fr\/ancre-dans-le-maconnais\/#primaryimage\"},\"datePublished\":\"2021-03-14T14:21:13+00:00\",\"dateModified\":\"2021-11-05T16:24:58+00:00\",\"author\":{\"@id\":\"https:\/\/auvigue.fr\/#\/schema\/person\/3c2fab5e46e36dc8ebc4dae713b79abf\"},\"description\":\"Maison Auvigue \\u00e0 Fuiss\\u00e9 : vins blancs de Bourgogne du Sud. Pouilly-Fuiss\\u00e9 Saint-V\\u00e9ran M\\u00e2con-Solutr\\u00e9. Caves, caveau d\\u00e9gustation, boutique.\",\"breadcrumb\":{\"@id\":\"https:\/\/auvigue.fr\/ancre-dans-le-maconnais\/#breadcrumb\"},\"inLanguage\":\"en-GB\",\"potentialAction\":[{\"@type\":\"ReadAction\",\"target\":[\"https:\/\/auvigue.fr\/ancre-dans-le-maconnais\/\"]}]},{\"@type\":\"BreadcrumbList\",\"@id\":\"https:\/\/auvigue.fr\/ancre-dans-le-maconnais\/#breadcrumb\",\"itemListElement\":[{\"@type\":\"ListItem\",\"position\":1,\"name\":\"Home\",\"item\":\"https:\/\/auvigue.fr\/\"},{\"@type\":\"ListItem\",\"position\":2,\"name\":\"Ancr\\u00e9 dans le M\\u00e2connais\"}]},{\"@type\":\"Person\",\"@id\":\"https:\/\/auvigue.fr\/#\/schema\/person\/3c2fab5e46e36dc8ebc4dae713b79abf\",\"name\":\"album\",\"image\":{\"@type\":\"ImageObject\",\"@id\":\"https:\/\/auvigue.fr\/#personlogo\",\"inLanguage\":\"en-GB\",\"url\":\"https:\/\/secure.gravatar.com\/avatar\/c1a00a7dcf0d39b39206d4a137431c0c?s=96&d=mm&r=g\",\"contentUrl\":\"https:\/\/secure.gravatar.com\/avatar\/c1a00a7dcf0d39b39206d4a137431c0c?s=96&d=mm&r=g\",\"caption\":\"album\"},\"sameAs\":[\"https:\/\/auvigue.fr\"],\"url\":\"https:\/\/auvigue.fr\/en\/author\/album\/\"}]}<\/script>\n<!-- \/ Yoast SEO plugin. -->","_links":{"self":[{"href":"https:\/\/auvigue.fr\/en\/wp-json\/wp\/v2\/posts\/298"}],"collection":[{"href":"https:\/\/auvigue.fr\/en\/wp-json\/wp\/v2\/posts"}],"about":[{"href":"https:\/\/auvigue.fr\/en\/wp-json\/wp\/v2\/types\/post"}],"author":[{"embeddable":true,"href":"https:\/\/auvigue.fr\/en\/wp-json\/wp\/v2\/users\/1"}],"replies":[{"embeddable":true,"href":"https:\/\/auvigue.fr\/en\/wp-json\/wp\/v2\/comments?post=298"}],"version-history":[{"count":69,"href":"https:\/\/auvigue.fr\/en\/wp-json\/wp\/v2\/posts\/298\/revisions"}],"predecessor-version":[{"id":1266,"href":"https:\/\/auvigue.fr\/en\/wp-json\/wp\/v2\/posts\/298\/revisions\/1266"}],"wp:featuredmedia":[{"embeddable":true,"href":"https:\/\/auvigue.fr\/en\/wp-json\/wp\/v2\/media\/842"}],"wp:attachment":[{"href":"https:\/\/auvigue.fr\/en\/wp-json\/wp\/v2\/media?parent=298"}],"wp:term":[{"taxonomy":"category","embeddable":true,"href":"https:\/\/auvigue.fr\/en\/wp-json\/wp\/v2\/categories?post=298"},{"taxonomy":"post_tag","embeddable":true,"href":"https:\/\/auvigue.fr\/en\/wp-json\/wp\/v2\/tags?post=298"}],"curies":[{"name":"wp","href":"https:\/\/api.w.org\/{rel}","templated":true}]}}