{"id":14,"date":"2021-03-15T16:33:00","date_gmt":"2021-03-15T15:33:00","guid":{"rendered":"https:\/\/auvigue.agencealbum.com\/?p=14"},"modified":"2024-11-14T18:15:40","modified_gmt":"2024-11-14T17:15:40","slug":"lame-du-pouilly-fuisse","status":"publish","type":"post","link":"https:\/\/auvigue.fr\/en\/lame-du-pouilly-fuisse\/","title":{"rendered":"The soul of <br \/>Pouilly-Fuiss\u00e9"},"content":{"rendered":"<div class=\"wp-block-columns\">\n<div class=\"wp-block-column\" style=\"flex-basis:100%\">\n<div class=\"row\">\n<div class=\"col-md-5 offset-md-1 pl-0 pr-4\">\n<h2 class=\"article-title\">The Soul of<br \/>Pouilly-Fuiss\u00e9<\/h2>\n<p>Being born into the Auvigue family is carrying the terroirs of Pouilly-Fuiss\u00e9 in one\u2019s heart. Sylvain Brenas-Auvigue, great grandson of the founder of the Maison, has  been wandering the vineyards around the villages of Pouilly and Fuiss\u00e9 for some time now.<br \/>In 2016, he took over Maison Auvigue. Above all, he loves the south M\u00e2connais and its vines. This shrine around the Roche de Solutr\u00e9 is where the vineyards, real organ of aromas, produce grapes that will give birth to remarkable wines. Sylvain knows each parcel by heart : he follows their evolution throughout the years and supports the transformation of their grapes. Whether it be his own 8 hectare parcel of Pouilly-Fuiss\u00e9 or those of his friends and wine-growing partners who collaborate with Maison Auvigue for quite some time now.<\/p>\n<\/div>\n<div class=\"col-md-6 pt-md-5\"><img loading=\"lazy\" class=\"img-shadow-right alignnone wp-image-443\" src=\"https:\/\/auvigue.fr\/wp-content\/uploads\/2021\/03\/Portrait-Auvigue@2x.png\" alt=\"\" width=\"449\" height=\"576\" srcset=\"https:\/\/auvigue.fr\/wp-content\/uploads\/2021\/03\/Portrait-Auvigue@2x.png 916w, https:\/\/auvigue.fr\/wp-content\/uploads\/2021\/03\/Portrait-Auvigue@2x-600x770.png 600w\" sizes=\"(max-width: 449px) 100vw, 449px\" \/><\/div>\n<\/div>\n<div class=\"row pt-md-5\">\n<div class=\"col-md-10 offset-md-1\">\u00a0<\/div>\n<\/div>\n<div class=\"row pt-3\">\n<div class=\"col-md-8 offset-md-1\">\n<p style=\"text-align: right;\"><img loading=\"lazy\" class=\"alignnone  wp-image-3142\" src=\"https:\/\/auvigue.fr\/wp-content\/uploads\/2021\/03\/2X6A3332-300x200.jpg\" alt=\"\" width=\"622\" height=\"414\" srcset=\"https:\/\/auvigue.fr\/wp-content\/uploads\/2021\/03\/2X6A3332-300x200.jpg 300w, https:\/\/auvigue.fr\/wp-content\/uploads\/2021\/03\/2X6A3332-1024x683.jpg 1024w, https:\/\/auvigue.fr\/wp-content\/uploads\/2021\/03\/2X6A3332-768x512.jpg 768w, https:\/\/auvigue.fr\/wp-content\/uploads\/2021\/03\/2X6A3332-1536x1025.jpg 1536w, https:\/\/auvigue.fr\/wp-content\/uploads\/2021\/03\/2X6A3332-2048x1366.jpg 2048w, https:\/\/auvigue.fr\/wp-content\/uploads\/2021\/03\/2X6A3332-18x12.jpg 18w, https:\/\/auvigue.fr\/wp-content\/uploads\/2021\/03\/2X6A3332-600x400.jpg 600w\" sizes=\"(max-width: 622px) 100vw, 622px\" \/>\u00a0 \u00a0 \u00a0 \u00a0 \u00a0 \u00a0 \u00a0 \u00a0 \u00a0 \u00a0 \u00a0 \u00a0 \u00a0 \u00a0 \u00a0 \u00a0 \u00a0 \u00a0 \u00a0 \u00a0 \u00a0 \u00a0 \u00a0 \u00a0 \u00a0 \u00a0 \u00a0 \u00a0<\/p>\n<p style=\"text-align: left;\">A la vigne, c\u2019est une attention de chaque instant qu\u2019il dispense. C\u00e9line Hirsch, qui l\u2019a rejoint dans l\u2019aventure en 2018, a en charge le vignoble et le travail de cave. L\u2019un et l\u2019autre sont sur la m\u00eame longueur d\u2018onde : pas de concession et peu de compromis ! Cette approche est aussi valable en cave. Pour l\u2019un et l\u2019autre, chaque intervention doit \u00eatre justifi\u00e9e et r\u00e9duite au strict minimum, que ce soit en conventionnel ou en biologique. Pas question de brouiller les pistes, les vins doivent avoir le champ libre pour se r\u00e9v\u00e9ler.<\/p>\n<p style=\"text-align: left;\">Le regard se porte sur les f\u00fbts qui prot\u00e8gent les pr\u00e9cieux nectars, l\u2019oreille se tend \u00e0 l\u2019\u00e9coute de l\u2019\u00e9volution du vin.<\/p>\n<p style=\"text-align: left;\"><img loading=\"lazy\" class=\"alignnone  wp-image-3125\" style=\"font-size: revert; background-color: var(--bs-body-bg); color: var(--bs-body-color); font-family: var(--bs-body-font-family); font-weight: var(--bs-body-font-weight); text-align: var(--bs-body-text-align);\" src=\"https:\/\/auvigue.fr\/wp-content\/uploads\/2024\/11\/2X6A4662-200x300.jpg\" alt=\"\" width=\"563\" height=\"845\" srcset=\"https:\/\/auvigue.fr\/wp-content\/uploads\/2024\/11\/2X6A4662-200x300.jpg 200w, https:\/\/auvigue.fr\/wp-content\/uploads\/2024\/11\/2X6A4662-683x1024.jpg 683w, https:\/\/auvigue.fr\/wp-content\/uploads\/2024\/11\/2X6A4662-768x1151.jpg 768w, https:\/\/auvigue.fr\/wp-content\/uploads\/2024\/11\/2X6A4662-1025x1536.jpg 1025w, https:\/\/auvigue.fr\/wp-content\/uploads\/2024\/11\/2X6A4662-1366x2048.jpg 1366w, https:\/\/auvigue.fr\/wp-content\/uploads\/2024\/11\/2X6A4662-8x12.jpg 8w, https:\/\/auvigue.fr\/wp-content\/uploads\/2024\/11\/2X6A4662-600x899.jpg 600w, https:\/\/auvigue.fr\/wp-content\/uploads\/2024\/11\/2X6A4662-scaled.jpg 1708w\" sizes=\"(max-width: 563px) 100vw, 563px\" \/><\/p>\n<\/div>\n<\/div>\n<div class=\"row\">\n<div class=\"col-md-5 offset-md-1\">\n<p>\u00a0<\/p>\n<p>\u00a0<\/p>\n<p>No need for long speeches in your glass: each Climat tells its own story without quivering. Whites are a communion of freshness and minerality but also complete bewilderment: complex and subtle, carrying you far away and bringing you back feet grounded on earth.<br \/>No routine, no ritual: Maison Auvigue signs a unique story for each Climat, a specific vinification for each terroir and an asserted identity for each bottle.<\/p>\n<\/div>\n<div class=\"col-md-6 text-center\"><img loading=\"lazy\" class=\"alignnone  wp-image-3143\" src=\"https:\/\/auvigue.fr\/wp-content\/uploads\/2021\/03\/2X6A4777-200x300.jpg\" alt=\"\" width=\"407\" height=\"611\" srcset=\"https:\/\/auvigue.fr\/wp-content\/uploads\/2021\/03\/2X6A4777-200x300.jpg 200w, https:\/\/auvigue.fr\/wp-content\/uploads\/2021\/03\/2X6A4777-683x1024.jpg 683w, https:\/\/auvigue.fr\/wp-content\/uploads\/2021\/03\/2X6A4777-768x1151.jpg 768w, https:\/\/auvigue.fr\/wp-content\/uploads\/2021\/03\/2X6A4777-1025x1536.jpg 1025w, https:\/\/auvigue.fr\/wp-content\/uploads\/2021\/03\/2X6A4777-1366x2048.jpg 1366w, https:\/\/auvigue.fr\/wp-content\/uploads\/2021\/03\/2X6A4777-8x12.jpg 8w, https:\/\/auvigue.fr\/wp-content\/uploads\/2021\/03\/2X6A4777-600x899.jpg 600w, https:\/\/auvigue.fr\/wp-content\/uploads\/2021\/03\/2X6A4777-scaled.jpg 1708w\" sizes=\"(max-width: 407px) 100vw, 407px\" \/>\n<p>\u00a0<\/p>\n<\/div>\n<\/div>\n<div>\u00a0<\/div>\n\n\n\n<p><\/p>\n<\/div>\n<\/div>","protected":false},"excerpt":{"rendered":"<p>Since its creation in 1946 to this day, Maison Auvigue waves loud and proud the flag of the appellation Pouilly-Fuiss\u00e9. Starting as a reputable wine merchant, Maison Auvigue later became winemaker and then vine owner in the heart of the appellation. <\/p>\n<p><a class=\"excerpt-more\" href=\"https:\/\/auvigue.fr\/en\/lame-du-pouilly-fuisse\/\"><i class=\"bi bi-arrow-right\"><\/i><\/a><\/p>","protected":false},"author":1,"featured_media":384,"comment_status":"open","ping_status":"open","sticky":false,"template":"","format":"standard","meta":[],"categories":[2],"tags":[],"yoast_head":"<!-- This site is optimized with the Yoast SEO plugin v16.6 - https:\/\/yoast.com\/wordpress\/plugins\/seo\/ -->\n<title>L&#039;\u00c2me du Pouilly-Fuiss\u00e9 - Auvigue<\/title>\n<meta name=\"description\" content=\"Maison Auvigue \u00e0 Fuiss\u00e9 : vins blancs de Bourgogne du Sud. Pouilly-Fuiss\u00e9 Saint-V\u00e9ran M\u00e2con-Solutr\u00e9. Caves, caveau d\u00e9gustation, boutique.\" \/>\n<meta name=\"robots\" content=\"index, follow, max-snippet:-1, max-image-preview:large, max-video-preview:-1\" \/>\n<link rel=\"canonical\" href=\"https:\/\/auvigue.fr\/en\/lame-du-pouilly-fuisse\/\" \/>\n<meta property=\"og:locale\" content=\"en_GB\" \/>\n<meta property=\"og:type\" content=\"article\" \/>\n<meta property=\"og:title\" content=\"L&#039;\u00c2me du Pouilly-Fuiss\u00e9 - Auvigue\" \/>\n<meta property=\"og:description\" content=\"Maison Auvigue \u00e0 Fuiss\u00e9 : vins blancs de Bourgogne du Sud. Pouilly-Fuiss\u00e9 Saint-V\u00e9ran M\u00e2con-Solutr\u00e9. Caves, caveau d\u00e9gustation, boutique.\" \/>\n<meta property=\"og:url\" content=\"https:\/\/auvigue.fr\/en\/lame-du-pouilly-fuisse\/\" \/>\n<meta property=\"og:site_name\" content=\"Auvigue\" \/>\n<meta property=\"article:publisher\" content=\"https:\/\/www.facebook.com\/maisonauvigue\" \/>\n<meta property=\"article:published_time\" content=\"2021-03-15T15:33:00+00:00\" \/>\n<meta property=\"article:modified_time\" content=\"2024-11-14T17:15:40+00:00\" \/>\n<meta property=\"og:image\" content=\"https:\/\/auvigue.fr\/wp-content\/uploads\/2021\/03\/landing-cover-01-ame@2x-scaled.jpg\" \/>\n\t<meta property=\"og:image:width\" content=\"2560\" \/>\n\t<meta property=\"og:image:height\" content=\"1820\" \/>\n<meta name=\"twitter:card\" content=\"summary_large_image\" \/>\n<meta name=\"twitter:label1\" content=\"Estimated reading time\" \/>\n\t<meta name=\"twitter:data1\" content=\"3 minutes\" \/>\n<script type=\"application\/ld+json\" class=\"yoast-schema-graph\">{\"@context\":\"https:\/\/schema.org\",\"@graph\":[{\"@type\":\"WebSite\",\"@id\":\"https:\/\/auvigue.fr\/#website\",\"url\":\"https:\/\/auvigue.fr\/\",\"name\":\"Auvigue\",\"description\":\"\",\"potentialAction\":[{\"@type\":\"SearchAction\",\"target\":{\"@type\":\"EntryPoint\",\"urlTemplate\":\"https:\/\/auvigue.fr\/?s={search_term_string}\"},\"query-input\":\"required name=search_term_string\"}],\"inLanguage\":\"en-GB\"},{\"@type\":\"ImageObject\",\"@id\":\"https:\/\/auvigue.fr\/lame-du-pouilly-fuisse\/#primaryimage\",\"inLanguage\":\"en-GB\",\"url\":\"https:\/\/auvigue.fr\/wp-content\/uploads\/2021\/03\/landing-cover-01-ame@2x-scaled.jpg\",\"contentUrl\":\"https:\/\/auvigue.fr\/wp-content\/uploads\/2021\/03\/landing-cover-01-ame@2x-scaled.jpg\",\"width\":\"2560\",\"height\":\"1820\"},{\"@type\":\"WebPage\",\"@id\":\"https:\/\/auvigue.fr\/lame-du-pouilly-fuisse\/#webpage\",\"url\":\"https:\/\/auvigue.fr\/lame-du-pouilly-fuisse\/\",\"name\":\"L'\\u00c2me du Pouilly-Fuiss\\u00e9 - Auvigue\",\"isPartOf\":{\"@id\":\"https:\/\/auvigue.fr\/#website\"},\"primaryImageOfPage\":{\"@id\":\"https:\/\/auvigue.fr\/lame-du-pouilly-fuisse\/#primaryimage\"},\"datePublished\":\"2021-03-15T15:33:00+00:00\",\"dateModified\":\"2024-11-14T17:15:40+00:00\",\"author\":{\"@id\":\"https:\/\/auvigue.fr\/#\/schema\/person\/3c2fab5e46e36dc8ebc4dae713b79abf\"},\"description\":\"Maison Auvigue \\u00e0 Fuiss\\u00e9 : vins blancs de Bourgogne du Sud. Pouilly-Fuiss\\u00e9 Saint-V\\u00e9ran M\\u00e2con-Solutr\\u00e9. Caves, caveau d\\u00e9gustation, boutique.\",\"breadcrumb\":{\"@id\":\"https:\/\/auvigue.fr\/lame-du-pouilly-fuisse\/#breadcrumb\"},\"inLanguage\":\"en-GB\",\"potentialAction\":[{\"@type\":\"ReadAction\",\"target\":[\"https:\/\/auvigue.fr\/lame-du-pouilly-fuisse\/\"]}]},{\"@type\":\"BreadcrumbList\",\"@id\":\"https:\/\/auvigue.fr\/lame-du-pouilly-fuisse\/#breadcrumb\",\"itemListElement\":[{\"@type\":\"ListItem\",\"position\":1,\"name\":\"Home\",\"item\":\"https:\/\/auvigue.fr\/\"},{\"@type\":\"ListItem\",\"position\":2,\"name\":\"L&rsquo;\\u00c2me du Pouilly-Fuiss\\u00e9\"}]},{\"@type\":\"Person\",\"@id\":\"https:\/\/auvigue.fr\/#\/schema\/person\/3c2fab5e46e36dc8ebc4dae713b79abf\",\"name\":\"album\",\"image\":{\"@type\":\"ImageObject\",\"@id\":\"https:\/\/auvigue.fr\/#personlogo\",\"inLanguage\":\"en-GB\",\"url\":\"https:\/\/secure.gravatar.com\/avatar\/c1a00a7dcf0d39b39206d4a137431c0c?s=96&d=mm&r=g\",\"contentUrl\":\"https:\/\/secure.gravatar.com\/avatar\/c1a00a7dcf0d39b39206d4a137431c0c?s=96&d=mm&r=g\",\"caption\":\"album\"},\"sameAs\":[\"https:\/\/auvigue.fr\"],\"url\":\"https:\/\/auvigue.fr\/en\/author\/album\/\"}]}<\/script>\n<!-- \/ Yoast SEO plugin. -->","_links":{"self":[{"href":"https:\/\/auvigue.fr\/en\/wp-json\/wp\/v2\/posts\/14"}],"collection":[{"href":"https:\/\/auvigue.fr\/en\/wp-json\/wp\/v2\/posts"}],"about":[{"href":"https:\/\/auvigue.fr\/en\/wp-json\/wp\/v2\/types\/post"}],"author":[{"embeddable":true,"href":"https:\/\/auvigue.fr\/en\/wp-json\/wp\/v2\/users\/1"}],"replies":[{"embeddable":true,"href":"https:\/\/auvigue.fr\/en\/wp-json\/wp\/v2\/comments?post=14"}],"version-history":[{"count":128,"href":"https:\/\/auvigue.fr\/en\/wp-json\/wp\/v2\/posts\/14\/revisions"}],"predecessor-version":[{"id":3144,"href":"https:\/\/auvigue.fr\/en\/wp-json\/wp\/v2\/posts\/14\/revisions\/3144"}],"wp:featuredmedia":[{"embeddable":true,"href":"https:\/\/auvigue.fr\/en\/wp-json\/wp\/v2\/media\/384"}],"wp:attachment":[{"href":"https:\/\/auvigue.fr\/en\/wp-json\/wp\/v2\/media?parent=14"}],"wp:term":[{"taxonomy":"category","embeddable":true,"href":"https:\/\/auvigue.fr\/en\/wp-json\/wp\/v2\/categories?post=14"},{"taxonomy":"post_tag","embeddable":true,"href":"https:\/\/auvigue.fr\/en\/wp-json\/wp\/v2\/tags?post=14"}],"curies":[{"name":"wp","href":"https:\/\/api.w.org\/{rel}","templated":true}]}}